{"id":714,"date":"2022-10-31T10:57:40","date_gmt":"2022-10-31T10:57:40","guid":{"rendered":"https:\/\/blog.fairtec.io\/2022\/10\/31\/la-proposition-legislative-de-fairtec-pour-une-technologie-plus-durable\/"},"modified":"2022-11-28T15:31:51","modified_gmt":"2022-11-28T15:31:51","slug":"la-proposition-legislative-de-fairtec-pour-une-technologie-plus-durable","status":"publish","type":"post","link":"https:\/\/blog.fairtec.io\/fr\/2022\/10\/31\/la-proposition-legislative-de-fairtec-pour-une-technologie-plus-durable\/","title":{"rendered":"La proposition l\u00e9gislative de FairTEC pour une technologie plus durable"},"content":{"rendered":"\n<p><strong>La consultation publique de la Commission europ\u00e9enne est l\u2019occasion de r\u00e9imaginer notre monde num\u00e9rique et la place que nous y occupons.<\/strong><\/p>\n\n<p>Commen\u00e7ons cet article d\u2019une mani\u00e8re un peu diff\u00e9rente, cher lecteur. Prenez un moment pour lever les yeux de votre \u00e9cran. Il y a de fortes chances que vous ayez plusieurs appareils \u00e9lectroniques \u00e0 port\u00e9e de vue. Maintenant, \u00eates-vous conscient de leur impact social et environnemental ? Combien de ces appareils seriez-vous capable de r\u00e9parer vous-m\u00eame ? Et honn\u00eatement, \u00e0 quel point est-il tentant de simplement remplacer plut\u00f4t que r\u00e9parer ?<\/p>\n\n<p>\u00c0 une \u00e9poque o\u00f9 nous sommes de plus en plus d\u00e9pendants de la technologie, nous sommes prompts \u00e0 la remplacer par le tout dernier mod\u00e8le si nous ne pouvons pas la r\u00e9parer nous-m\u00eames. Il est donc quelque peu ironique que, alors que le toucher est la principale interaction avec nos appareils connect\u00e9s, nous semblons perdre le contact avec ce qui nous rassemble. Et ne vous y trompez pas, le probl\u00e8me ne commence ni ne s\u2019arr\u00eate aux \u00e9crans fissur\u00e9s des smartphones. Du mat\u00e9riel au syst\u00e8me d\u2019exploitation, du r\u00e9seau aux mod\u00e8les \u00e9conomiques, la technologie num\u00e9rique et l\u2019industrie ont un impact sur notre environnement, notre soci\u00e9t\u00e9 et notre vie priv\u00e9e.<\/p>\n\n<p>Il est temps de s\u2019attaquer collectivement \u00e0 cet impact. C\u2019est l\u00e0 que FairTEC entre en jeu. Nous pensons que les organisations ont la responsabilit\u00e9 d\u2019offrir des solutions et des services qui peuvent limiter notre impact et soutenir les utilisateurs finaux \u00e0 changer leur comportement. Nous travaillons donc ensemble pour fournir des alternatives cr\u00e9dibles et durables pour cr\u00e9er un changement de paradigme.<\/p>\n\n<h2 class=\"wp-block-heading\" id=\"an-opportunity-for-real-change\">Une opportunit\u00e9 pour un r\u00e9el changement<\/h2>\n\n<p>La Commission europ\u00e9enne a r\u00e9cemment ouvert une consultation publique sur la \u201cconsommation durable des biens &#8211; promouvoir la r\u00e9paration et la r\u00e9utilisation\u201d. La Commission envisage de modifier la directive sur la vente de biens et \u00e9ventuellement d\u2019introduire une nouvelle proposition l\u00e9gislative distincte sur le droit de r\u00e9paration. Cela encouragera les consommateurs \u00e0 prolonger la dur\u00e9e de vie utile des biens, \u00e0 r\u00e9parer les biens d\u00e9fectueux et \u00e0 acheter davantage de biens d\u2019occasion et remis \u00e0 neuf. En d\u2019autres termes, il s\u2019agit d\u2019une invitation ouverte \u00e0 un changement durable. Il n\u2019\u00e9tait pas question pour FairTEC de laisser passer cette opportunit\u00e9.<\/p>\n\n<h2 class=\"wp-block-heading\" id=\"the-most-sustainable-product-is-the-one-you-already-own-make-it-last\">Le produit le plus durable est celui que vous poss\u00e9dez d\u00e9j\u00e0, faites-le durer !<\/h2>\n\n<p>Toute l\u00e9gislation ax\u00e9e sur le design conduit in\u00e9vitablement \u00e0 la cr\u00e9ation de nouveaux produits. La consommation durable, elle, commence par l\u2019utilisation, la long\u00e9vit\u00e9 et la fiert\u00e9 d\u2019\u00eatre propri\u00e9taire des articles que nous poss\u00e9dons d\u00e9j\u00e0. En gardant cela \u00e0 l\u2019esprit, voici un aper\u00e7u de certaines des mesures que nous proposons et qui auraient un effet positif direct sur nous tous dans ce monde num\u00e9rique interconnect\u00e9:<\/p>\n\n<p>Tout comme les mandats de l\u2019industrie de l\u2019alcool et du tabac, nous proposons une transparence \u00e9ducative concernant l\u2019impact et les cons\u00e9quences sociales et environnementales de l\u2019industrie \u00e9lectronique.<\/p>\n\n<h2 class=\"wp-block-heading\" id=\"hardware\">Mat\u00e9riel informatique<\/h2>\n\n<ul class=\"wp-block-list\">\n<li>Afin d\u2019encourager les utilisateurs \u00e0 pr\u00e9f\u00e9rer l\u2019achat de mat\u00e9riel d\u2019occasion au mat\u00e9riel neuf, nous proposons d\u2019introduire une taxe pond\u00e9r\u00e9e favorisant le mat\u00e9riel d\u2019occasion ou r\u00e9par\u00e9.<\/li>\n\n\n\n<li>Nous soutenons la d\u00e9mocratisation des services de r\u00e9paration par l\u2019uniformisation de la construction des smartphones.<\/li>\n\n\n\n<li>Par cons\u00e9quent, les fabricants devraient s\u2019engager sur une p\u00e9riode de disponibilit\u00e9 des pi\u00e8ces d\u00e9tach\u00e9es.<\/li>\n<\/ul>\n\n<h2 class=\"wp-block-heading\" id=\"software\">Logiciels<\/h2>\n\n<ul class=\"wp-block-list\">\n<li>Pour \u00e9viter l\u2019obsolescence des logiciels, nous soutenons l\u2019extension du support logiciel \u00e0 un minimum de 5 ans.<\/li>\n\n\n\n<li>Nous soutenons la d\u00e9mocratisation de l\u2019acc\u00e8s aux syst\u00e8mes d\u2019exploitation alternatifs en rendant obligatoire un booloader d\u00e9verrouillable et reverrouillable. Cela favoriserait la long\u00e9vit\u00e9 des logiciels, ainsi que la confidentialit\u00e9 des donn\u00e9es.<\/li>\n\n\n\n<li>Le revers de la m\u00e9daille est l\u2019interdiction des pratiques qui enferment d\u00e9finitivement les utilisateurs dans des syst\u00e8mes d\u2019exploitation pr\u00e9install\u00e9s.<\/li>\n\n\n\n<li>Nous soutenons l\u2019utilisation de technologies ouvertes pour am\u00e9liorer la collaboration et la confidentialit\u00e9 auditable.<\/li>\n<\/ul>\n\n<h2 class=\"wp-block-heading\" id=\"telecom-operators-and-electronic-resellers\">Op\u00e9rateurs de t\u00e9l\u00e9communications et revendeurs \u00e9lectroniques<\/h2>\n\n<ul class=\"wp-block-list\">\n<li>Les fournisseurs de t\u00e9l\u00e9communications doivent s\u2019occuper de leur empreinte carbone et d\u00e9velopper un int\u00e9r\u00eat \u00e9conomique \u00e0 consommer \u201cmoins\u201d. Par cons\u00e9quent, nous soutenons l\u2019utilisation d\u2019antennes recycl\u00e9es ou reconditionn\u00e9es et le remplacement des anciens \u00e9quipements par des \u00e9quipements plus \u00e9conomes en \u00e9nergie.<\/li>\n\n\n\n<li>Cependant, et c\u2019est crucial, les initiatives de recyclage ne doivent pas servir de leviers commerciaux pour inciter les utilisateurs \u00e0 acheter un nouveau t\u00e9l\u00e9phone. Nous proposons que les op\u00e9rateurs de t\u00e9l\u00e9communications et les revendeurs d\u2019\u00e9lectronique n\u2019offrent une valeur commerciale aux appareils recycl\u00e9s que s\u2019ils ont plus de 2 ou 3 ans.<\/li>\n<\/ul>\n\n<p>Veuillez vous rendre sur le site <a href=\"https:\/\/fairtec.io\/EU_consultation_EN.pdf\">pdf<\/a> pour une analyse d\u00e9taill\u00e9e de l\u2019ensemble des mesures que nous proposons.<\/p>\n\n<p>Il est temps pour nous de devenir plus attentifs et responsables dans la fa\u00e7on dont nous interagissons avec nos appareils \u00e9lectroniques. La technologie ne va nulle part, alors au lieu d\u2019ignorer l\u2019\u00e9l\u00e9phant dans la pi\u00e8ce, engagez-vous en vous informant sur la fa\u00e7on dont vous pouvez commencer \u00e0 changer votre propre comportement, \u00e9tape par \u00e9tape. En ce qui concerne FairTEC, nous adoptons une approche holistique du changement de comportement afin d\u2019avoir un v\u00e9ritable impact (positif) sur l\u2019utilisateur et l\u2019environnement.<\/p>\n","protected":false},"excerpt":{"rendered":"<p>La consultation publique de la Commission europ\u00e9enne est l\u2019occasion de r\u00e9imaginer notre monde num\u00e9rique et la place que nous y occupons. Commen\u00e7ons cet article d\u2019une&#8230;<\/p>\n","protected":false},"author":1,"featured_media":874,"comment_status":"open","ping_status":"open","sticky":false,"template":"","format":"standard","meta":{"footnotes":""},"categories":[31],"tags":[],"class_list":["post-714","post","type-post","status-publish","format-standard","has-post-thumbnail","hentry","category-technologie"],"_links":{"self":[{"href":"https:\/\/blog.fairtec.io\/fr\/wp-json\/wp\/v2\/posts\/714","targetHints":{"allow":["GET"]}}],"collection":[{"href":"https:\/\/blog.fairtec.io\/fr\/wp-json\/wp\/v2\/posts"}],"about":[{"href":"https:\/\/blog.fairtec.io\/fr\/wp-json\/wp\/v2\/types\/post"}],"author":[{"embeddable":true,"href":"https:\/\/blog.fairtec.io\/fr\/wp-json\/wp\/v2\/users\/1"}],"replies":[{"embeddable":true,"href":"https:\/\/blog.fairtec.io\/fr\/wp-json\/wp\/v2\/comments?post=714"}],"version-history":[{"count":4,"href":"https:\/\/blog.fairtec.io\/fr\/wp-json\/wp\/v2\/posts\/714\/revisions"}],"predecessor-version":[{"id":878,"href":"https:\/\/blog.fairtec.io\/fr\/wp-json\/wp\/v2\/posts\/714\/revisions\/878"}],"wp:featuredmedia":[{"embeddable":true,"href":"https:\/\/blog.fairtec.io\/fr\/wp-json\/wp\/v2\/media\/874"}],"wp:attachment":[{"href":"https:\/\/blog.fairtec.io\/fr\/wp-json\/wp\/v2\/media?parent=714"}],"wp:term":[{"taxonomy":"category","embeddable":true,"href":"https:\/\/blog.fairtec.io\/fr\/wp-json\/wp\/v2\/categories?post=714"},{"taxonomy":"post_tag","embeddable":true,"href":"https:\/\/blog.fairtec.io\/fr\/wp-json\/wp\/v2\/tags?post=714"}],"curies":[{"name":"wp","href":"https:\/\/api.w.org\/{rel}","templated":true}]}}